{"id":8814,"date":"2025-03-07T13:30:20","date_gmt":"2025-03-07T12:30:20","guid":{"rendered":"https:\/\/aggrator.com\/?p=8814"},"modified":"2025-03-07T13:30:24","modified_gmt":"2025-03-07T12:30:24","slug":"etter-en-periode-med-hoye-renter-og-kapitaltorke-for-nye-forretningsinitiativer-kan-pengekrana-vaere-apen-for-fullt-igjen","status":"publish","type":"post","link":"https:\/\/aggrator.com\/en\/etter-en-periode-med-hoye-renter-og-kapitaltorke-for-nye-forretningsinitiativer-kan-pengekrana-vaere-apen-for-fullt-igjen\/","title":{"rendered":"Etter en periode med h\u00f8ye renter og kapitalt\u00f8rke for nye forretningsinitiativer kan pengekrana v\u00e6re \u00e5pen for fullt igjen"},"content":{"rendered":"<p class=\"wp-block-paragraph\"><em>Dette innlegget er skrevet av Salvador Baille, partner i Aggrator, og ble f\u00f8rst publisert i <a href=\"https:\/\/www.shifter.no\/kommentar\/pengekrana-er-apen-igjen\/381180\">Shifter<\/a>.<\/em><\/p>\n\n\n\n<p class=\"wp-block-paragraph\">USA har gjort klinkende klart at demokratiene i kontinentet m\u00e5 begynne \u00e5 ta st\u00f8rre ansvar for sitt eget forsvar. Globalisering av verdenshandel i n\u00e5v\u00e6rende form virker heller ikke s\u00e5 interessant lenger, n\u00e5 som skiferboomen har gjort landet til verdens st\u00f8rste produsent av olje og gas.<\/p>\n\n\n\n<p class=\"wp-block-paragraph\">P\u00e5 den ande siden har vi nok en atommakt, Russland, med tilsynelatende to geostrategiske hovedm\u00e5l \u00e5 oppn\u00e5, koste hva de koste vil. Det ene m\u00e5let er \u00e5 sikre sine grenser innen det som var Sovjetunionens innflytelsesrom. Det andre m\u00e5let er \u00e5 sikre sin \u00f8konomiske fremtid ved \u00e5 gj\u00f8re Europa avhengig av gass og olje som landet produserer, enten ved direkte salg eller via Hviterussland og, hovedsakelig, Ukraina.<\/p>\n\n\n\n<p class=\"wp-block-paragraph\">Alt dette kommer p\u00e5 toppen av en situasjon som allerede var bekymringsfull for EU i konkurranse med USA og Kina. I f\u00f8lge rapporten \u00abThe future of European competitiveness\u00bb levert av Mario Draghi i November, har EU lenge saktet akterut innen teknologi og innovasjon. Kontinentet fremstilles i tillegg som avhengig av andre verdensmakters ressurser og teknologi n\u00e5r det gjelder b\u00e5de fossil og fornybar energi.<\/p>\n\n\n\n<p class=\"wp-block-paragraph\">If\u00f8lge samme rapporten trenger EU \u00e5rlige investeringer p\u00e5 800 milliarder Euro hvis omr\u00e5det vil fortsette \u00e5 v\u00e6re konkurransedyktig i fremtiden. Dette allerede f\u00f8r de siste hendelsene rundt krigen i Ukraina viste at hele vest Europa m\u00e5 \u00f8ke sitt forsvarsbudsjett til mye h\u00f8yere bel\u00f8p enn man s\u00e5 for seg for bare noen m\u00e5neder siden.<\/p>\n\n\n\n<p class=\"wp-block-paragraph\">Situasjonen krevde handling, og reaksjonen har v\u00e6rt formidabel. Nylig har presidenten i EU kommisjonen Ursula von der Leyen lansert det ene Situasjonen krevde handling, og reaksjonen har v\u00e6rt formidabel. Nylig har presidenten i EU kommisjonen Ursula von der Leyen lansert det ene initiativet etter det andre for \u00e5 pr\u00f8ve \u00e5 korrigere situasjonen.<\/p>\n\n\n\n<p class=\"wp-block-paragraph\">Med den s\u00e5kalte \u00abomnibus package\u00bb skal b\u00e6rekraft rapporteringen forenkles og gjelde f\u00e6rre bedrifter. Samtidig vil hun bruke mange hundre milliarder euro p\u00e5 \u00e5 bygge opp kritiske omr\u00e5der som kunstig intelligens, forsvar, fornybar energi, og ren industri. Det foresl\u00e5s ogs\u00e5 at summene som brukes p\u00e5 oppbyggingen av forsvarsindustrien ikke skal telle med tanke p\u00e5 reglene rundt budsjettunderskudd og statsgjeld som EU medlemmene m\u00e5 forholde seg til.<\/p>\n\n\n\n<p class=\"wp-block-paragraph\">Alt dette er virkelig ekstraordin\u00e6rt. St\u00f8rrelsen p\u00e5 pengeflommen som alle disse initiativene til sammen betyr er vanskelig \u00e5 forestille seg. Etter en periode med h\u00f8ye renter og kapitalt\u00f8rke for nye forretningsinitiativer kan pengekrana v\u00e6re \u00e5pen for fullt igjen.<\/p>\n\n\n\n<p class=\"wp-block-paragraph\">Dette er veldig gode nyheter for norske gr\u00fcndere, innovative bedrifter og investorer, av flere grunner.<\/p>\n\n\n\n<p class=\"wp-block-paragraph\">For det f\u00f8rste tviler analytikerne p\u00e5 at det finnes nok prosjekter i Europa akkurat n\u00e5 som kan absorbere s\u00e5 store mengder med kapital. Gr\u00fcnderbedrifter og innovative prosjekter innen de mest kritiske omr\u00e5dene for EUs fremtid kan derfor m\u00f8te mindre konkurranse om disse pengene hvis de agerer raskt.<\/p>\n\n\n\n<p class=\"wp-block-paragraph\">For det andre kan tolkningen av prosjekter rundt kunstig intelligens og forsvar v\u00e6re ganske romslig. Mange prosjekter og gr\u00fcnderbedrifter har en eller annen form av kunstig intelligens som en del av verdiforslaget. Initiativer som i prinsipp var tenkt for sivilt bruk som droner, autonome kj\u00f8ret\u00f8y eller roboter kan fort bli modifisert for milit\u00e6ret eller presentert som prosjekter med milit\u00e6rt potensial.<\/p>\n\n\n\n<p class=\"wp-block-paragraph\">For det tredje betyr en oppmyking av reglene rundt b\u00e6rekraftrapportering \u00e9n barriere mindre \u00e5 tenke p\u00e5 for startups n\u00e5r de forhandler med st\u00f8rre bedrifter om forretninger eller investering.<\/p>\n\n\n\n<p class=\"wp-block-paragraph\">Europa har v\u00e5knet til en ny geopolitisk situasjon som har endret regler og prioriteringer. En pengeflom som vi ikke har sett siden pandemien er p\u00e5 vei inn i den produktive \u00f8konomien, og sannsynligvis for en lengre periode. Hvis byr\u00e5kratene i Brussel ikke skifter meningen n\u00e5r krigen i Ukraine tar slutt betyr dette en historisk sjanse for innovative bedrifter og gr\u00fcndervirksomheter. De kan bidra med l\u00f8nnsomme eller potensielt l\u00f8nnsomme initiativer til oppbyggingen av et mye sterkere Europa.<\/p>\n\n\n\n<p class=\"wp-block-paragraph\"><a class=\"\" href=\"https:\/\/www.shifter.no\/nyheter\/grnderen-hadde-to-uker-med-penger-pa-konto-da-det-tikket-inn-en-e-post-med-145-millioner-kroner-fra-eu\/332752\"><\/a><a class=\"\" href=\"https:\/\/www.shifter.no\/nyheter\/grnderen-hadde-to-uker-med-penger-pa-konto-da-det-tikket-inn-en-e-post-med-145-millioner-kroner-fra-eu\/332752\"><\/a><\/p>","protected":false},"excerpt":{"rendered":"<p>Dette innlegget er skrevet av Salvador Baille, partner i Aggrator, og ble f\u00f8rst publisert i Shifter. USA har gjort klinkende klart at demokratiene i kontinentet m\u00e5 begynne \u00e5 ta st\u00f8rre ansvar for sitt eget forsvar. Globalisering av verdenshandel i n\u00e5v\u00e6rende form virker heller ikke s\u00e5 interessant lenger, n\u00e5 som skiferboomen har gjort landet til verdens [&hellip;]<\/p>\n","protected":false},"author":177941435,"featured_media":8818,"comment_status":"open","ping_status":"open","sticky":false,"template":"","format":"standard","meta":{"_eb_attr":"","_uag_custom_page_level_css":"","_thinkrank_schema_form_data":"","_thinkrank_selected_schema_type":"","_thinkrank_additional_schemas":"","_thinkrank_canonical_url":"","_thinkrank_og_title":"","_thinkrank_og_description":"","_thinkrank_og_image":"","_thinkrank_twitter_title":"","_thinkrank_twitter_description":"","_thinkrank_twitter_image":"","_thinkrank_imported_from":"yoast","_thinkrank_focus_keywords":[],"_thinkrank_focus_keyword":"","_thinkrank_robots_meta_enabled":0,"_thinkrank_robots_meta":"","_thinkrank_advanced_robots_meta":"","_thinkrank_primary_category":1464,"_jetpack_newsletter_access":"","_jetpack_dont_email_post_to_subs":false,"_jetpack_newsletter_tier_id":0,"_jetpack_memberships_contains_paywalled_content":false,"_wpcom_ai_launchpad_first_post":false,"_jetpack_feature_clip_id":0,"_jetpack_memberships_contains_paid_content":false,"footnotes":"","jetpack_publicize_message":"{title}\n\n{excerpt}\n\n{url}","jetpack_publicize_feature_enabled":true,"jetpack_social_post_already_shared":true,"jetpack_social_options":{"image_generator_settings":{"template":"highway","default_image_id":0,"font":"","enabled":false},"version":2},"_wpas_customize_per_network":false,"jetpack_post_was_ever_published":false},"categories":[1,1464],"tags":[],"class_list":["post-8814","post","type-post","status-publish","format-standard","has-post-thumbnail","hentry","category-uncategorized","category-ressurser"],"yoast_head":"<!-- This site is optimized with the Yoast SEO Premium plugin v28.3 (Yoast SEO v28.4) - https:\/\/yoast.com\/product\/yoast-seo-premium-wordpress\/ -->\n<title>Etter en periode med h\u00f8ye renter og kapitalt\u00f8rke for nye forretningsinitiativer kan pengekrana v\u00e6re \u00e5pen for fullt igjen - Aggrator<\/title>\n<meta name=\"robots\" content=\"index, follow, max-snippet:-1, max-image-preview:large, max-video-preview:-1\" \/>\n<link rel=\"canonical\" href=\"https:\/\/aggrator.com\/en\/etter-en-periode-med-hoye-renter-og-kapitaltorke-for-nye-forretningsinitiativer-kan-pengekrana-vaere-apen-for-fullt-igjen\/\" \/>\n<meta property=\"og:locale\" content=\"en_US\" \/>\n<meta property=\"og:type\" content=\"article\" \/>\n<meta property=\"og:title\" content=\"Etter en periode med h\u00f8ye renter og kapitalt\u00f8rke for nye forretningsinitiativer kan pengekrana v\u00e6re \u00e5pen for fullt igjen\" \/>\n<meta property=\"og:description\" content=\"Dette innlegget er skrevet av Salvador Baille, partner i Aggrator, og ble f\u00f8rst publisert i Shifter. USA har gjort klinkende klart at demokratiene i kontinentet m\u00e5 begynne \u00e5 ta st\u00f8rre ansvar for sitt eget forsvar. Globalisering av verdenshandel i n\u00e5v\u00e6rende form virker heller ikke s\u00e5 interessant lenger, n\u00e5 som skiferboomen har gjort landet til verdens [&hellip;]\" \/>\n<meta property=\"og:url\" content=\"https:\/\/aggrator.com\/en\/etter-en-periode-med-hoye-renter-og-kapitaltorke-for-nye-forretningsinitiativer-kan-pengekrana-vaere-apen-for-fullt-igjen\/\" \/>\n<meta property=\"og:site_name\" content=\"Aggrator\" \/>\n<meta property=\"article:published_time\" content=\"2025-03-07T12:30:20+00:00\" \/>\n<meta property=\"article:modified_time\" content=\"2025-03-07T12:30:24+00:00\" \/>\n<meta property=\"og:image\" content=\"https:\/\/aggrator.com\/wp-content\/uploads\/2025\/03\/381199-1.webp\" \/>\n\t<meta property=\"og:image:width\" content=\"1920\" \/>\n\t<meta property=\"og:image:height\" content=\"1056\" \/>\n\t<meta property=\"og:image:type\" content=\"image\/webp\" \/>\n<meta name=\"author\" content=\"Vilde Wettergreen\" \/>\n<meta name=\"twitter:card\" content=\"summary_large_image\" \/>\n<meta name=\"twitter:label1\" content=\"Written by\" \/>\n\t<meta name=\"twitter:data1\" content=\"Vilde Wettergreen\" \/>\n\t<meta name=\"twitter:label2\" content=\"Est. reading time\" \/>\n\t<meta name=\"twitter:data2\" content=\"4 minutes\" \/>\n<script type=\"application\/ld+json\" class=\"yoast-schema-graph\">{\"@context\":\"https:\\\/\\\/schema.org\",\"@graph\":[{\"@type\":\"Article\",\"@id\":\"https:\\\/\\\/aggrator.com\\\/etter-en-periode-med-hoye-renter-og-kapitaltorke-for-nye-forretningsinitiativer-kan-pengekrana-vaere-apen-for-fullt-igjen\\\/#article\",\"isPartOf\":{\"@id\":\"https:\\\/\\\/aggrator.com\\\/etter-en-periode-med-hoye-renter-og-kapitaltorke-for-nye-forretningsinitiativer-kan-pengekrana-vaere-apen-for-fullt-igjen\\\/\"},\"author\":{\"name\":\"Vilde Wettergreen\",\"@id\":\"https:\\\/\\\/aggrator.com\\\/#\\\/schema\\\/person\\\/0a6a2543d37766c36c1b9707381761a7\"},\"headline\":\"Etter en periode med h\u00f8ye renter og kapitalt\u00f8rke for nye forretningsinitiativer kan pengekrana v\u00e6re \u00e5pen for fullt igjen\",\"datePublished\":\"2025-03-07T12:30:20+00:00\",\"dateModified\":\"2025-03-07T12:30:24+00:00\",\"mainEntityOfPage\":{\"@id\":\"https:\\\/\\\/aggrator.com\\\/etter-en-periode-med-hoye-renter-og-kapitaltorke-for-nye-forretningsinitiativer-kan-pengekrana-vaere-apen-for-fullt-igjen\\\/\"},\"wordCount\":686,\"commentCount\":0,\"publisher\":{\"@id\":\"https:\\\/\\\/aggrator.com\\\/#organization\"},\"image\":{\"@id\":\"https:\\\/\\\/aggrator.com\\\/etter-en-periode-med-hoye-renter-og-kapitaltorke-for-nye-forretningsinitiativer-kan-pengekrana-vaere-apen-for-fullt-igjen\\\/#primaryimage\"},\"thumbnailUrl\":\"https:\\\/\\\/aggrator.com\\\/wp-content\\\/uploads\\\/2025\\\/03\\\/381199-1.webp\",\"articleSection\":[\"Aggrator\",\"Ressurser\"],\"inLanguage\":\"en-US\",\"potentialAction\":[{\"@type\":\"CommentAction\",\"name\":\"Comment\",\"target\":[\"https:\\\/\\\/aggrator.com\\\/etter-en-periode-med-hoye-renter-og-kapitaltorke-for-nye-forretningsinitiativer-kan-pengekrana-vaere-apen-for-fullt-igjen\\\/#respond\"]}]},{\"@type\":\"WebPage\",\"@id\":\"https:\\\/\\\/aggrator.com\\\/etter-en-periode-med-hoye-renter-og-kapitaltorke-for-nye-forretningsinitiativer-kan-pengekrana-vaere-apen-for-fullt-igjen\\\/\",\"url\":\"https:\\\/\\\/aggrator.com\\\/etter-en-periode-med-hoye-renter-og-kapitaltorke-for-nye-forretningsinitiativer-kan-pengekrana-vaere-apen-for-fullt-igjen\\\/\",\"name\":\"Etter en periode med h\u00f8ye renter og kapitalt\u00f8rke for nye forretningsinitiativer kan pengekrana v\u00e6re \u00e5pen for fullt igjen - Aggrator\",\"isPartOf\":{\"@id\":\"https:\\\/\\\/aggrator.com\\\/#website\"},\"primaryImageOfPage\":{\"@id\":\"https:\\\/\\\/aggrator.com\\\/etter-en-periode-med-hoye-renter-og-kapitaltorke-for-nye-forretningsinitiativer-kan-pengekrana-vaere-apen-for-fullt-igjen\\\/#primaryimage\"},\"image\":{\"@id\":\"https:\\\/\\\/aggrator.com\\\/etter-en-periode-med-hoye-renter-og-kapitaltorke-for-nye-forretningsinitiativer-kan-pengekrana-vaere-apen-for-fullt-igjen\\\/#primaryimage\"},\"thumbnailUrl\":\"https:\\\/\\\/aggrator.com\\\/wp-content\\\/uploads\\\/2025\\\/03\\\/381199-1.webp\",\"datePublished\":\"2025-03-07T12:30:20+00:00\",\"dateModified\":\"2025-03-07T12:30:24+00:00\",\"breadcrumb\":{\"@id\":\"https:\\\/\\\/aggrator.com\\\/etter-en-periode-med-hoye-renter-og-kapitaltorke-for-nye-forretningsinitiativer-kan-pengekrana-vaere-apen-for-fullt-igjen\\\/#breadcrumb\"},\"inLanguage\":\"en-US\",\"potentialAction\":[{\"@type\":\"ReadAction\",\"target\":[\"https:\\\/\\\/aggrator.com\\\/etter-en-periode-med-hoye-renter-og-kapitaltorke-for-nye-forretningsinitiativer-kan-pengekrana-vaere-apen-for-fullt-igjen\\\/\"]}]},{\"@type\":\"ImageObject\",\"inLanguage\":\"en-US\",\"@id\":\"https:\\\/\\\/aggrator.com\\\/etter-en-periode-med-hoye-renter-og-kapitaltorke-for-nye-forretningsinitiativer-kan-pengekrana-vaere-apen-for-fullt-igjen\\\/#primaryimage\",\"url\":\"https:\\\/\\\/aggrator.com\\\/wp-content\\\/uploads\\\/2025\\\/03\\\/381199-1.webp\",\"contentUrl\":\"https:\\\/\\\/aggrator.com\\\/wp-content\\\/uploads\\\/2025\\\/03\\\/381199-1.webp\",\"width\":1920,\"height\":1056},{\"@type\":\"BreadcrumbList\",\"@id\":\"https:\\\/\\\/aggrator.com\\\/etter-en-periode-med-hoye-renter-og-kapitaltorke-for-nye-forretningsinitiativer-kan-pengekrana-vaere-apen-for-fullt-igjen\\\/#breadcrumb\",\"itemListElement\":[{\"@type\":\"ListItem\",\"position\":1,\"name\":\"Hjem\",\"item\":\"https:\\\/\\\/aggrator.com\\\/\"},{\"@type\":\"ListItem\",\"position\":2,\"name\":\"Etter en periode med h\u00f8ye renter og kapitalt\u00f8rke for nye forretningsinitiativer kan pengekrana v\u00e6re \u00e5pen for fullt igjen\"}]},{\"@type\":\"WebSite\",\"@id\":\"https:\\\/\\\/aggrator.com\\\/#website\",\"url\":\"https:\\\/\\\/aggrator.com\\\/\",\"name\":\"Aggrator\",\"description\":\"For a cleaner, better world\",\"publisher\":{\"@id\":\"https:\\\/\\\/aggrator.com\\\/#organization\"},\"potentialAction\":[{\"@type\":\"SearchAction\",\"target\":{\"@type\":\"EntryPoint\",\"urlTemplate\":\"https:\\\/\\\/aggrator.com\\\/?s={search_term_string}\"},\"query-input\":{\"@type\":\"PropertyValueSpecification\",\"valueRequired\":true,\"valueName\":\"search_term_string\"}}],\"inLanguage\":\"en-US\"},{\"@type\":\"Organization\",\"@id\":\"https:\\\/\\\/aggrator.com\\\/#organization\",\"name\":\"Aggrator\",\"url\":\"https:\\\/\\\/aggrator.com\\\/\",\"logo\":{\"@type\":\"ImageObject\",\"inLanguage\":\"en-US\",\"@id\":\"https:\\\/\\\/aggrator.com\\\/#\\\/schema\\\/logo\\\/image\\\/\",\"url\":\"https:\\\/\\\/aggrator.com\\\/wp-content\\\/uploads\\\/2024\\\/06\\\/images.png\",\"contentUrl\":\"https:\\\/\\\/aggrator.com\\\/wp-content\\\/uploads\\\/2024\\\/06\\\/images.png\",\"width\":225,\"height\":225,\"caption\":\"Aggrator\"},\"image\":{\"@id\":\"https:\\\/\\\/aggrator.com\\\/#\\\/schema\\\/logo\\\/image\\\/\"},\"sameAs\":[\"https:\\\/\\\/www.linkedin.com\\\/company\\\/aggrator\\\/\"]},{\"@type\":\"Person\",\"@id\":\"https:\\\/\\\/aggrator.com\\\/#\\\/schema\\\/person\\\/0a6a2543d37766c36c1b9707381761a7\",\"name\":\"Vilde Wettergreen\",\"image\":{\"@type\":\"ImageObject\",\"inLanguage\":\"en-US\",\"@id\":\"https:\\\/\\\/secure.gravatar.com\\\/avatar\\\/9d5ca1260c2d847dcdec73dd6bd045237d94b32e43247ce46df9ee8cfec4bfbc?s=96&d=identicon&r=g\",\"url\":\"https:\\\/\\\/secure.gravatar.com\\\/avatar\\\/9d5ca1260c2d847dcdec73dd6bd045237d94b32e43247ce46df9ee8cfec4bfbc?s=96&d=identicon&r=g\",\"contentUrl\":\"https:\\\/\\\/secure.gravatar.com\\\/avatar\\\/9d5ca1260c2d847dcdec73dd6bd045237d94b32e43247ce46df9ee8cfec4bfbc?s=96&d=identicon&r=g\",\"caption\":\"Vilde Wettergreen\"},\"sameAs\":[\"https:\\\/\\\/www.linkedin.com\\\/in\\\/vilde-wettergreen\\\/\"]}]}<\/script>\n<!-- \/ Yoast SEO Premium plugin. -->","yoast_head_json":{"title":"Etter en periode med h\u00f8ye renter og kapitalt\u00f8rke for nye forretningsinitiativer kan pengekrana v\u00e6re \u00e5pen for fullt igjen - Aggrator","robots":{"index":"index","follow":"follow","max-snippet":"max-snippet:-1","max-image-preview":"max-image-preview:large","max-video-preview":"max-video-preview:-1"},"canonical":"https:\/\/aggrator.com\/en\/etter-en-periode-med-hoye-renter-og-kapitaltorke-for-nye-forretningsinitiativer-kan-pengekrana-vaere-apen-for-fullt-igjen\/","og_locale":"en_US","og_type":"article","og_title":"Etter en periode med h\u00f8ye renter og kapitalt\u00f8rke for nye forretningsinitiativer kan pengekrana v\u00e6re \u00e5pen for fullt igjen","og_description":"Dette innlegget er skrevet av Salvador Baille, partner i Aggrator, og ble f\u00f8rst publisert i Shifter. USA har gjort klinkende klart at demokratiene i kontinentet m\u00e5 begynne \u00e5 ta st\u00f8rre ansvar for sitt eget forsvar. Globalisering av verdenshandel i n\u00e5v\u00e6rende form virker heller ikke s\u00e5 interessant lenger, n\u00e5 som skiferboomen har gjort landet til verdens [&hellip;]","og_url":"https:\/\/aggrator.com\/en\/etter-en-periode-med-hoye-renter-og-kapitaltorke-for-nye-forretningsinitiativer-kan-pengekrana-vaere-apen-for-fullt-igjen\/","og_site_name":"Aggrator","article_published_time":"2025-03-07T12:30:20+00:00","article_modified_time":"2025-03-07T12:30:24+00:00","og_image":[{"width":1920,"height":1056,"url":"https:\/\/aggrator.com\/wp-content\/uploads\/2025\/03\/381199-1.webp","type":"image\/webp"}],"author":"Vilde Wettergreen","twitter_card":"summary_large_image","twitter_misc":{"Written by":"Vilde Wettergreen","Est. reading time":"4 minutes"},"schema":{"@context":"https:\/\/schema.org","@graph":[{"@type":"Article","@id":"https:\/\/aggrator.com\/etter-en-periode-med-hoye-renter-og-kapitaltorke-for-nye-forretningsinitiativer-kan-pengekrana-vaere-apen-for-fullt-igjen\/#article","isPartOf":{"@id":"https:\/\/aggrator.com\/etter-en-periode-med-hoye-renter-og-kapitaltorke-for-nye-forretningsinitiativer-kan-pengekrana-vaere-apen-for-fullt-igjen\/"},"author":{"name":"Vilde Wettergreen","@id":"https:\/\/aggrator.com\/#\/schema\/person\/0a6a2543d37766c36c1b9707381761a7"},"headline":"Etter en periode med h\u00f8ye renter og kapitalt\u00f8rke for nye forretningsinitiativer kan pengekrana v\u00e6re \u00e5pen for fullt igjen","datePublished":"2025-03-07T12:30:20+00:00","dateModified":"2025-03-07T12:30:24+00:00","mainEntityOfPage":{"@id":"https:\/\/aggrator.com\/etter-en-periode-med-hoye-renter-og-kapitaltorke-for-nye-forretningsinitiativer-kan-pengekrana-vaere-apen-for-fullt-igjen\/"},"wordCount":686,"commentCount":0,"publisher":{"@id":"https:\/\/aggrator.com\/#organization"},"image":{"@id":"https:\/\/aggrator.com\/etter-en-periode-med-hoye-renter-og-kapitaltorke-for-nye-forretningsinitiativer-kan-pengekrana-vaere-apen-for-fullt-igjen\/#primaryimage"},"thumbnailUrl":"https:\/\/aggrator.com\/wp-content\/uploads\/2025\/03\/381199-1.webp","articleSection":["Aggrator","Ressurser"],"inLanguage":"en-US","potentialAction":[{"@type":"CommentAction","name":"Comment","target":["https:\/\/aggrator.com\/etter-en-periode-med-hoye-renter-og-kapitaltorke-for-nye-forretningsinitiativer-kan-pengekrana-vaere-apen-for-fullt-igjen\/#respond"]}]},{"@type":"WebPage","@id":"https:\/\/aggrator.com\/etter-en-periode-med-hoye-renter-og-kapitaltorke-for-nye-forretningsinitiativer-kan-pengekrana-vaere-apen-for-fullt-igjen\/","url":"https:\/\/aggrator.com\/etter-en-periode-med-hoye-renter-og-kapitaltorke-for-nye-forretningsinitiativer-kan-pengekrana-vaere-apen-for-fullt-igjen\/","name":"Etter en periode med h\u00f8ye renter og kapitalt\u00f8rke for nye forretningsinitiativer kan pengekrana v\u00e6re \u00e5pen for fullt igjen - Aggrator","isPartOf":{"@id":"https:\/\/aggrator.com\/#website"},"primaryImageOfPage":{"@id":"https:\/\/aggrator.com\/etter-en-periode-med-hoye-renter-og-kapitaltorke-for-nye-forretningsinitiativer-kan-pengekrana-vaere-apen-for-fullt-igjen\/#primaryimage"},"image":{"@id":"https:\/\/aggrator.com\/etter-en-periode-med-hoye-renter-og-kapitaltorke-for-nye-forretningsinitiativer-kan-pengekrana-vaere-apen-for-fullt-igjen\/#primaryimage"},"thumbnailUrl":"https:\/\/aggrator.com\/wp-content\/uploads\/2025\/03\/381199-1.webp","datePublished":"2025-03-07T12:30:20+00:00","dateModified":"2025-03-07T12:30:24+00:00","breadcrumb":{"@id":"https:\/\/aggrator.com\/etter-en-periode-med-hoye-renter-og-kapitaltorke-for-nye-forretningsinitiativer-kan-pengekrana-vaere-apen-for-fullt-igjen\/#breadcrumb"},"inLanguage":"en-US","potentialAction":[{"@type":"ReadAction","target":["https:\/\/aggrator.com\/etter-en-periode-med-hoye-renter-og-kapitaltorke-for-nye-forretningsinitiativer-kan-pengekrana-vaere-apen-for-fullt-igjen\/"]}]},{"@type":"ImageObject","inLanguage":"en-US","@id":"https:\/\/aggrator.com\/etter-en-periode-med-hoye-renter-og-kapitaltorke-for-nye-forretningsinitiativer-kan-pengekrana-vaere-apen-for-fullt-igjen\/#primaryimage","url":"https:\/\/aggrator.com\/wp-content\/uploads\/2025\/03\/381199-1.webp","contentUrl":"https:\/\/aggrator.com\/wp-content\/uploads\/2025\/03\/381199-1.webp","width":1920,"height":1056},{"@type":"BreadcrumbList","@id":"https:\/\/aggrator.com\/etter-en-periode-med-hoye-renter-og-kapitaltorke-for-nye-forretningsinitiativer-kan-pengekrana-vaere-apen-for-fullt-igjen\/#breadcrumb","itemListElement":[{"@type":"ListItem","position":1,"name":"Hjem","item":"https:\/\/aggrator.com\/"},{"@type":"ListItem","position":2,"name":"Etter en periode med h\u00f8ye renter og kapitalt\u00f8rke for nye forretningsinitiativer kan pengekrana v\u00e6re \u00e5pen for fullt igjen"}]},{"@type":"WebSite","@id":"https:\/\/aggrator.com\/#website","url":"https:\/\/aggrator.com\/","name":"Aggrator","description":"For a cleaner, better world","publisher":{"@id":"https:\/\/aggrator.com\/#organization"},"potentialAction":[{"@type":"SearchAction","target":{"@type":"EntryPoint","urlTemplate":"https:\/\/aggrator.com\/?s={search_term_string}"},"query-input":{"@type":"PropertyValueSpecification","valueRequired":true,"valueName":"search_term_string"}}],"inLanguage":"en-US"},{"@type":"Organization","@id":"https:\/\/aggrator.com\/#organization","name":"Aggrator","url":"https:\/\/aggrator.com\/","logo":{"@type":"ImageObject","inLanguage":"en-US","@id":"https:\/\/aggrator.com\/#\/schema\/logo\/image\/","url":"https:\/\/aggrator.com\/wp-content\/uploads\/2024\/06\/images.png","contentUrl":"https:\/\/aggrator.com\/wp-content\/uploads\/2024\/06\/images.png","width":225,"height":225,"caption":"Aggrator"},"image":{"@id":"https:\/\/aggrator.com\/#\/schema\/logo\/image\/"},"sameAs":["https:\/\/www.linkedin.com\/company\/aggrator\/"]},{"@type":"Person","@id":"https:\/\/aggrator.com\/#\/schema\/person\/0a6a2543d37766c36c1b9707381761a7","name":"Vilde Wettergreen","image":{"@type":"ImageObject","inLanguage":"en-US","@id":"https:\/\/secure.gravatar.com\/avatar\/9d5ca1260c2d847dcdec73dd6bd045237d94b32e43247ce46df9ee8cfec4bfbc?s=96&d=identicon&r=g","url":"https:\/\/secure.gravatar.com\/avatar\/9d5ca1260c2d847dcdec73dd6bd045237d94b32e43247ce46df9ee8cfec4bfbc?s=96&d=identicon&r=g","contentUrl":"https:\/\/secure.gravatar.com\/avatar\/9d5ca1260c2d847dcdec73dd6bd045237d94b32e43247ce46df9ee8cfec4bfbc?s=96&d=identicon&r=g","caption":"Vilde Wettergreen"},"sameAs":["https:\/\/www.linkedin.com\/in\/vilde-wettergreen\/"]}]}},"jetpack_publicize_connections":[],"uagb_featured_image_src":{"full":["https:\/\/aggrator.com\/wp-content\/uploads\/2025\/03\/381199-1.webp",1920,1056,false],"thumbnail":["https:\/\/aggrator.com\/wp-content\/uploads\/2025\/03\/381199-1-150x150.webp?crop=1",150,150,true],"medium":["https:\/\/aggrator.com\/wp-content\/uploads\/2025\/03\/381199-1-300x165.webp",300,165,true],"medium_large":["https:\/\/aggrator.com\/wp-content\/uploads\/2025\/03\/381199-1-768x422.webp",768,422,true],"large":["https:\/\/aggrator.com\/wp-content\/uploads\/2025\/03\/381199-1-1024x563.webp",800,440,true],"1536x1536":["https:\/\/aggrator.com\/wp-content\/uploads\/2025\/03\/381199-1-1536x845.webp",1536,845,true],"2048x2048":["https:\/\/aggrator.com\/wp-content\/uploads\/2025\/03\/381199-1-2048x1127.webp",2048,1127,true],"trp-custom-language-flag":["https:\/\/aggrator.com\/wp-content\/uploads\/2025\/03\/381199-1.webp",18,10,false],"newspack-article-block-landscape-large":["https:\/\/aggrator.com\/wp-content\/uploads\/2025\/03\/381199-1-1200x900.webp?crop=1",1200,900,true],"newspack-article-block-portrait-large":["https:\/\/aggrator.com\/wp-content\/uploads\/2025\/03\/381199-1-900x1164.webp",900,1164,true],"newspack-article-block-square-large":["https:\/\/aggrator.com\/wp-content\/uploads\/2025\/03\/381199-1-1200x1164.webp",1200,1164,true],"newspack-article-block-landscape-medium":["https:\/\/aggrator.com\/wp-content\/uploads\/2025\/03\/381199-1-800x600.webp?crop=1",800,600,true],"newspack-article-block-portrait-medium":["https:\/\/aggrator.com\/wp-content\/uploads\/2025\/03\/381199-1-600x800.webp?crop=1",600,800,true],"newspack-article-block-square-medium":["https:\/\/aggrator.com\/wp-content\/uploads\/2025\/03\/381199-1-800x800.webp?crop=1",800,800,true],"newspack-article-block-landscape-intermediate":["https:\/\/aggrator.com\/wp-content\/uploads\/2025\/03\/381199-1-600x450.webp?crop=1",600,450,true],"newspack-article-block-portrait-intermediate":["https:\/\/aggrator.com\/wp-content\/uploads\/2025\/03\/381199-1-450x600.webp?crop=1",450,600,true],"newspack-article-block-square-intermediate":["https:\/\/aggrator.com\/wp-content\/uploads\/2025\/03\/381199-1-600x600.webp?crop=1",600,600,true],"newspack-article-block-landscape-small":["https:\/\/aggrator.com\/wp-content\/uploads\/2025\/03\/381199-1-400x300.webp?crop=1",400,300,true],"newspack-article-block-portrait-small":["https:\/\/aggrator.com\/wp-content\/uploads\/2025\/03\/381199-1-300x400.webp?crop=1",300,400,true],"newspack-article-block-square-small":["https:\/\/aggrator.com\/wp-content\/uploads\/2025\/03\/381199-1-400x400.webp?crop=1",400,400,true],"newspack-article-block-landscape-tiny":["https:\/\/aggrator.com\/wp-content\/uploads\/2025\/03\/381199-1-200x150.webp?crop=1",200,150,true],"newspack-article-block-portrait-tiny":["https:\/\/aggrator.com\/wp-content\/uploads\/2025\/03\/381199-1-150x200.webp?crop=1",150,200,true],"newspack-article-block-square-tiny":["https:\/\/aggrator.com\/wp-content\/uploads\/2025\/03\/381199-1-200x200.webp?crop=1",200,200,true],"newspack-article-block-uncropped":["https:\/\/aggrator.com\/wp-content\/uploads\/2025\/03\/381199-1-1200x660.webp",1200,660,true]},"uagb_author_info":{"display_name":"Vilde Wettergreen","author_link":"https:\/\/aggrator.com\/en\/author\/vildewettergreen\/"},"uagb_comment_info":0,"uagb_excerpt":"Dette innlegget er skrevet av Salvador Baille, partner i Aggrator, og ble f\u00f8rst publisert i Shifter. USA har gjort klinkende klart at demokratiene i kontinentet m\u00e5 begynne \u00e5 ta st\u00f8rre ansvar for sitt eget forsvar. Globalisering av verdenshandel i n\u00e5v\u00e6rende form virker heller ikke s\u00e5 interessant lenger, n\u00e5 som skiferboomen har gjort landet til verdens&hellip;","jetpack_likes_enabled":false,"jetpack_sharing_enabled":true,"jetpack_shortlink":"https:\/\/wp.me\/pdMtV6-2ia","jetpack_featured_media_url":"https:\/\/aggrator.com\/wp-content\/uploads\/2025\/03\/381199-1.webp","_links":{"self":[{"href":"https:\/\/aggrator.com\/en\/wp-json\/wp\/v2\/posts\/8814","targetHints":{"allow":["GET"]}}],"collection":[{"href":"https:\/\/aggrator.com\/en\/wp-json\/wp\/v2\/posts"}],"about":[{"href":"https:\/\/aggrator.com\/en\/wp-json\/wp\/v2\/types\/post"}],"author":[{"embeddable":true,"href":"https:\/\/aggrator.com\/en\/wp-json\/wp\/v2\/users\/177941435"}],"replies":[{"embeddable":true,"href":"https:\/\/aggrator.com\/en\/wp-json\/wp\/v2\/comments?post=8814"}],"version-history":[{"count":5,"href":"https:\/\/aggrator.com\/en\/wp-json\/wp\/v2\/posts\/8814\/revisions"}],"predecessor-version":[{"id":8820,"href":"https:\/\/aggrator.com\/en\/wp-json\/wp\/v2\/posts\/8814\/revisions\/8820"}],"wp:featuredmedia":[{"embeddable":true,"href":"https:\/\/aggrator.com\/en\/wp-json\/wp\/v2\/media\/8818"}],"wp:attachment":[{"href":"https:\/\/aggrator.com\/en\/wp-json\/wp\/v2\/media?parent=8814"}],"wp:term":[{"taxonomy":"category","embeddable":true,"href":"https:\/\/aggrator.com\/en\/wp-json\/wp\/v2\/categories?post=8814"},{"taxonomy":"post_tag","embeddable":true,"href":"https:\/\/aggrator.com\/en\/wp-json\/wp\/v2\/tags?post=8814"}],"curies":[{"name":"wp","href":"https:\/\/api.w.org\/{rel}","templated":true}]}}