{"id":11342,"date":"2025-12-09T14:25:06","date_gmt":"2025-12-09T13:25:06","guid":{"rendered":"https:\/\/aggrator.com\/?p=11342"},"modified":"2026-03-23T12:29:02","modified_gmt":"2026-03-23T11:29:02","slug":"rekordar-for-esse-vekstprogrammet-til-aggrator-med-stor-deltakervekst-og-enda-storre-ambisjoner-for-2026","status":"publish","type":"post","link":"https:\/\/aggrator.com\/en\/rekordar-for-esse-vekstprogrammet-til-aggrator-med-stor-deltakervekst-og-enda-storre-ambisjoner-for-2026\/","title":{"rendered":"Rekord\u00e5r for ESSE: Vekstprogrammet til Aggrator med stor deltakervekst og enda st\u00f8rre ambisjoner for 2026"},"content":{"rendered":"<p class=\"wp-block-paragraph\">ESSE vekstprogram, med 10 masterclasser og 10 webinarer, er ferdig med sin andre gjennomgang. Deltakernes tilbakemeldinger viser tydelig at behovet for kompetanse, nettverk og et strukturert utviklingsl\u00f8p for selskaper innen agrifoodtech og milj\u00f8teknologi er stort. Vi er stolte av at vekstprogrammet allerede leverer s\u00e5 gode resultater, andre \u00e5ret etter oppstarten i 2024.<\/p>\n\n\n\n<p class=\"wp-block-paragraph\" id=\"h-i-2025-hadde-esse\">I 2025 hadde ESSE: <\/p>\n\n\n\n<ul class=\"wp-block-list\">\n<li>80+ unike deltakere<\/li>\n\n\n\n<li>4,7 av 5 i deltakerscore<\/li>\n\n\n\n<li>10 masterclasses som tok for seg essensiell forretningskunnskap (Finansiering, IPR, forretningsmodell, produktutvikling, go-to-market-strategi, salg og markedsf\u00f8ring, \u00f8konomistyring, forhandlingsteknikk, internasjonalisering og skatt, pitching og investorkommunikasjon)<\/li>\n\n\n\n<li>23 eksperter fra industri og n\u00e6ringsliv som holdt foredrag, workshops og ga individuell feedback<\/li>\n\n\n\n<li>10 introwebinarer med masterclassledere (se opptak <a href=\"https:\/\/youtube.com\/playlist?list=PL37DioDNfzRyRFcAl-Mj1j5bM6MGPe7wm&amp;si=sWW13F1Qll5QhyJY\">her<\/a>)<\/li>\n<\/ul>\n\n\n\n<div style=\"height:30px\" aria-hidden=\"true\" class=\"wp-block-spacer\"><\/div>\n\n\n\n<h2 id=\"h-deltakerne-esse-gir-innsikt-fart-og-nettverk\" class=\"wp-block-heading\">Deltakerne: \u2013 ESSE gir innsikt, fart og nettverk<\/h2>\n\n\n\n<p class=\"wp-block-paragraph\">Deltakerne beskriver ESSE som et program som styrker forretningskunnskapen, bidrar til raskere fremdrift og verdifull nettverksbygging og erfaringsdeling. <\/p>\n\n\n\n<blockquote class=\"wp-block-quote is-layout-flow wp-block-quote-is-layout-flow\">\n<p class=\"wp-block-paragraph\">&laquo;Jeg har l\u00e6rt utrolig mye gjennom ESSE. Vekstprogrammet er Norges viktigste program for agrifoodtech bedrifter, med de beste og flinkeste folkene.&raquo;<br>\u2013 <em>Glenda Anfinsen, Founder og CEO av grabEAT<\/em><\/p>\n<\/blockquote>\n\n\n\n<blockquote class=\"wp-block-quote is-layout-flow wp-block-quote-is-layout-flow\">\n<p class=\"wp-block-paragraph\">&laquo;Aggrator sine ESSE Masterclasses dekker relevante temaer og det er alltid noe l\u00e6rdom \u00e5 plukke opp, (nesten) uansett tema og personlig erfaring!&raquo;<br>\u2013 <em>Even Zimmer, Founder og CEO Agrisenze<\/em><\/p>\n<\/blockquote>\n\n\n\n<blockquote class=\"wp-block-quote is-layout-flow wp-block-quote-is-layout-flow\">\n<p class=\"wp-block-paragraph\">&laquo;Som \u00e5 g\u00e5 en hel skole i bedriftsutvikling \u2013 ogs\u00e5 er det g\u00f8y.&raquo;<br>\u2013 <em>Nikolai Ersdal, Founder av Glasir Solutions<\/em><\/p>\n<\/blockquote>\n\n\n\n<p class=\"wp-block-paragraph\">Aggrator sine <a href=\"https:\/\/aggrator.com\/en\/team\/#aggrator-mentorer\">spesialistmentorer<\/a> har og v\u00e6rt til stede, og levert sterke tilbakemeldinger, her fra Simen W\u00f8lneberg:<\/p>\n\n\n\n<blockquote class=\"wp-block-quote is-layout-flow wp-block-quote-is-layout-flow\">\n<p class=\"wp-block-paragraph\">\u201cJeg kan forsikre om at det skjer veldig mye spennende p\u00e5 den norske oppstartsscenen innen agrifoodtech og milj\u00f8teknologi. Takket v\u00e6re Aggrator er m\u00f8terommet i dag fullt av innovasjonskraft, kreativitet og kunnskap \u2013 og dere kan alle se frem til \u00e5 etter hvert se resultatene av det disse oppstartsselskapene jobber med!\u201d<\/p>\n<\/blockquote>\n\n\n\n<div style=\"height:30px\" aria-hidden=\"true\" class=\"wp-block-spacer\"><\/div>\n\n\n\n<h2 id=\"h-vekstprogrammet-for-selskaper-som-jobber-for-en-renere-bedre-verden\" class=\"wp-block-heading\">Vekstprogrammet for selskaper som jobber for en renere, bedre verden<\/h2>\n\n\n\n<p class=\"wp-block-paragraph\">ESSE er Aggrators vekstprogram for selskaper som jobber for en renere, bedre verden \u2013 med tilknytning til forsknings- og innovasjonsmilj\u00f8et p\u00e5 Campus \u00c5s. Navnet &laquo;ESSE&raquo; kommer fra norr\u00f8nt og betyr <em>ildsted med ekstra sterk oppvarming<\/em> \u2013 et bilde p\u00e5 det som skjer n\u00e5r ambisi\u00f8se gr\u00fcndere m\u00f8ter riktig kompetanse og de rette menneskene.<\/p>\n\n\n\n<p class=\"wp-block-paragraph\">M\u00e5let med ESSE er \u00e5 ta deltakere fra \u00e5 <em>drive<\/em> selskapet til \u00e5 <em>lede<\/em> det. Vi kaller det gjerne en <em>Mini MBA for gr\u00fcndere<\/em>: praktisk, relevant og direkte anvendbart \u2013 ikke teori l\u00f8srevet fra hverdagen din.<\/p>\n\n\n\n<p class=\"wp-block-paragraph\">ESSE passer for selskaper som kommer fra, eller \u00f8nsker tilknytning til, Campus \u00c5s \u2013 og er spesielt egnet for de som jobber med nye l\u00f8sninger innen agrifoodtech eller milj\u00f8teknologi.<\/p>\n\n\n\n<p class=\"wp-block-paragraph\">Programmet skiller seg fra tradisjonelle akseleratorprogram ved at det ikke er et fast, obligatorisk l\u00f8p. Deltakerne er i ulike faser \u2013 fra studentgr\u00fcndere og forskere til etablerte selskaper som har kommet et godt stykke \u2013 og kan selv velge de masterclassene som er mest relevante for dem akkurat n\u00e5.<\/p>\n\n\n\n<p class=\"wp-block-paragraph\">Under ESSE m\u00f8ter deltakerne et unikt fagmilj\u00f8 og et sterkt nettverk p\u00e5 tvers av egen bransje, modenhet og fagfelt. I tillegg til kompetanseheving og praktiske workshops med tematikk fra eget selskap fungerer ESSE som en nettverksarena, der selskaper deler erfaringer, utfordringer og l\u00f8sninger med hverandre.<\/p>\n\n\n\n<p class=\"wp-block-paragraph\">Et eksempel p\u00e5 to bedrifter som m\u00f8ttes under ESSE er <a href=\"https:\/\/aggrator.com\/en\/2024\/07\/30\/wai-genetics-vil-revolusjonere-dna-sekvensering\/\">Wai Genetics<\/a> og <a href=\"https:\/\/aggrator.com\/en\/2025\/09\/05\/angenovo-inn-i-aggrator-vil-revolusjonere-helsesjekk-av-oppdrettsfisk\/\">Angenovo<\/a>, begge i Aggrator sitt StartUp program og deltakere i ESSE vekstprogram. De unders\u00f8ker n\u00e5 muligheten for \u00e5 kombinere Wai Genetics\u2019 sin &laquo;wetware&raquo; med Angenovo sin hardware. <\/p>\n\n\n\n<div style=\"height:30px\" aria-hidden=\"true\" class=\"wp-block-spacer\"><\/div>\n\n\n\n<figure class=\"wp-block-image aligncenter size-large\"><img fetchpriority=\"high\" decoding=\"async\" width=\"1024\" height=\"577\" data-attachment-id=\"11358\" data-permalink=\"https:\/\/aggrator.com\/en\/rekordar-for-esse-vekstprogrammet-til-aggrator-med-stor-deltakervekst-og-enda-storre-ambisjoner-for-2026\/angenovo-og-wai-genetics-samarbeid\/\" data-orig-file=\"https:\/\/aggrator.com\/wp-content\/uploads\/2025\/12\/Angenovo-og-Wai-Genetics-samarbeid.webp\" data-orig-size=\"1920,1081\" data-comments-opened=\"1\" data-image-meta=\"{&quot;aperture&quot;:&quot;0&quot;,&quot;credit&quot;:&quot;&quot;,&quot;camera&quot;:&quot;&quot;,&quot;caption&quot;:&quot;&quot;,&quot;created_timestamp&quot;:&quot;0&quot;,&quot;copyright&quot;:&quot;&quot;,&quot;focal_length&quot;:&quot;0&quot;,&quot;iso&quot;:&quot;0&quot;,&quot;shutter_speed&quot;:&quot;0&quot;,&quot;title&quot;:&quot;&quot;,&quot;orientation&quot;:&quot;0&quot;}\" data-image-title=\"Angenovo og Wai Genetics samarbeid\" data-image-description=\"\" data-image-caption=\"\" data-large-file=\"https:\/\/aggrator.com\/wp-content\/uploads\/2025\/12\/Angenovo-og-Wai-Genetics-samarbeid-1024x577.jpeg\" src=\"https:\/\/aggrator.com\/wp-content\/uploads\/2025\/12\/Angenovo-og-Wai-Genetics-samarbeid-1024x577.jpeg\" alt=\"\" class=\"wp-image-11358\" srcset=\"https:\/\/aggrator.com\/wp-content\/uploads\/2025\/12\/Angenovo-og-Wai-Genetics-samarbeid-1024x577.jpeg 1024w, https:\/\/aggrator.com\/wp-content\/uploads\/2025\/12\/Angenovo-og-Wai-Genetics-samarbeid-600x338.webp 600w, https:\/\/aggrator.com\/wp-content\/uploads\/2025\/12\/Angenovo-og-Wai-Genetics-samarbeid-300x169.jpeg 300w, https:\/\/aggrator.com\/wp-content\/uploads\/2025\/12\/Angenovo-og-Wai-Genetics-samarbeid-768x432.jpeg 768w, https:\/\/aggrator.com\/wp-content\/uploads\/2025\/12\/Angenovo-og-Wai-Genetics-samarbeid-1536x865.jpeg 1536w, https:\/\/aggrator.com\/wp-content\/uploads\/2025\/12\/Angenovo-og-Wai-Genetics-samarbeid-1200x676.jpeg 1200w, https:\/\/aggrator.com\/wp-content\/uploads\/2025\/12\/Angenovo-og-Wai-Genetics-samarbeid.webp 1920w\" sizes=\"(max-width: 1024px) 100vw, 1024px\" \/><figcaption class=\"wp-element-caption\"><em>Fra venstre: K\u00e5re Johan Teigen (Co-founder og CCO i Wai Genetics), Yanwu Guo (Founder Angenovo) og Dr. Paul J. Midtlyng (NMBU).<\/em><\/figcaption><\/figure>\n\n\n\n<div style=\"height:30px\" aria-hidden=\"true\" class=\"wp-block-spacer\"><\/div>\n\n\n\n<p class=\"wp-block-paragraph\">Hver masterclass er lagt opp med foredrag fra ekspertene fra n\u00e6ringslivet, workshops hvor deltakerne jobber direkte med problemstillinger fra eget selskap, og diskusjoner og presentasjoner med tilbakemeldinger i plenum. Dette gj\u00f8r at l\u00e6ringen blir b\u00e5de praktisk og umiddelbart anvendbar. <\/p>\n\n\n\n<p class=\"wp-block-paragraph\">I tillegg til masterclasslederne bist\u00e5r Aggrator deltakende selskaper med egne forretningsutviklere, partnere og mentorer med spisskompetanse (se v\u00e5rt <a href=\"https:\/\/aggrator.com\/en\/team\/\">team<\/a>), og vi tilbyr egne oppf\u00f8lgende executive workshops ved behov.<\/p>\n\n\n\n<div style=\"height:30px\" aria-hidden=\"true\" class=\"wp-block-spacer\"><\/div>\n\n\n\n<h2 id=\"h-the-grand-finale-agrifoodtech-demo-day\" class=\"wp-block-heading\">The Grand Finale: Agrifoodtech Demo Day<\/h2>\n\n\n\n<p class=\"wp-block-paragraph\">H\u00f8ydepunktet i ESSE-programmet er for mange <a href=\"https:\/\/aggrator.com\/en\/demoday\/\">Agrifoodtech Demo Day i november<\/a>.  I \u00e5rets Agrifoodtech Demo Day, som var Norges f\u00f8rste, deltok <a href=\"https:\/\/aggrator.com\/en\/2025\/11\/25\/insights-from-agrifoodtech-demo-day-2025\/\">over 100 mennesker<\/a> fra startups, n\u00e6ringsliv, investorer, forskermilj\u00f8 og myndigheter. Her fikk ESSE-deltakere muligheten til \u00e5 vise frem teknologien sin, knytte verdifulle kontakter og m\u00f8te potensielle samarbeidspartnere. Et utvalg av selskapene fikk ogs\u00e5 sjansen til \u00e5 pitche sine l\u00f8sninger p\u00e5 scenen, foran en fullsatt sal og et dedikert investorpanel.<\/p>\n\n\n\n<div style=\"height:30px\" aria-hidden=\"true\" class=\"wp-block-spacer\"><\/div>\n\n\n\n<figure class=\"wp-block-image aligncenter size-large\"><img decoding=\"async\" width=\"1024\" height=\"958\" data-attachment-id=\"11387\" data-permalink=\"https:\/\/aggrator.com\/en\/rekordar-for-esse-vekstprogrammet-til-aggrator-med-stor-deltakervekst-og-enda-storre-ambisjoner-for-2026\/nmbu-rector-solve-saebo-on-stage\/\" data-orig-file=\"https:\/\/aggrator.com\/wp-content\/uploads\/2025\/12\/NMBU-Rector-Solve-Saebo-on-stage-e1765286258379.webp\" data-orig-size=\"1536,1437\" data-comments-opened=\"1\" data-image-meta=\"{&quot;aperture&quot;:&quot;0&quot;,&quot;credit&quot;:&quot;&quot;,&quot;camera&quot;:&quot;&quot;,&quot;caption&quot;:&quot;&quot;,&quot;created_timestamp&quot;:&quot;0&quot;,&quot;copyright&quot;:&quot;&quot;,&quot;focal_length&quot;:&quot;0&quot;,&quot;iso&quot;:&quot;0&quot;,&quot;shutter_speed&quot;:&quot;0&quot;,&quot;title&quot;:&quot;&quot;,&quot;orientation&quot;:&quot;0&quot;}\" data-image-title=\"NMBU Rector Solve S\u00e6b\u00f8 on stage\" data-image-description=\"\" data-image-caption=\"\" data-large-file=\"https:\/\/aggrator.com\/wp-content\/uploads\/2025\/12\/NMBU-Rector-Solve-Saebo-on-stage-e1765286258379-1024x958.jpeg\" src=\"https:\/\/aggrator.com\/wp-content\/uploads\/2025\/12\/NMBU-Rector-Solve-Saebo-on-stage-e1765286258379-1024x958.jpeg\" alt=\"NMBU Rector Solve S\u00e6b\u00f8 on stage\" class=\"wp-image-11387\" style=\"aspect-ratio:3\/2;object-fit:cover\" srcset=\"https:\/\/aggrator.com\/wp-content\/uploads\/2025\/12\/NMBU-Rector-Solve-Saebo-on-stage-e1765286258379-1024x958.jpeg 1024w, https:\/\/aggrator.com\/wp-content\/uploads\/2025\/12\/NMBU-Rector-Solve-Saebo-on-stage-e1765286258379-600x561.webp 600w, https:\/\/aggrator.com\/wp-content\/uploads\/2025\/12\/NMBU-Rector-Solve-Saebo-on-stage-e1765286258379-300x281.jpeg 300w, https:\/\/aggrator.com\/wp-content\/uploads\/2025\/12\/NMBU-Rector-Solve-Saebo-on-stage-e1765286258379-768x719.jpeg 768w, https:\/\/aggrator.com\/wp-content\/uploads\/2025\/12\/NMBU-Rector-Solve-Saebo-on-stage-e1765286258379.webp 1536w\" sizes=\"(max-width: 1024px) 100vw, 1024px\" \/><figcaption class=\"wp-element-caption\"><em>NMBU Rektor Solve S\u00e6b\u00f8 \u00e5pnet Agrifoodtech Demo Day p\u00e5 Vitenparken, Campus \u00c5s.<\/em><\/figcaption><\/figure>\n\n\n\n<div style=\"height:30px\" aria-hidden=\"true\" class=\"wp-block-spacer\"><\/div>\n\n\n\n<p class=\"wp-block-paragraph\">NMBU rektor Solve S\u00e6b\u00f8 delte p\u00e5 sin LinkedIn i etterkant av eventet: <\/p>\n\n\n\n<blockquote class=\"wp-block-quote is-layout-flow wp-block-quote-is-layout-flow\">\n<p class=\"wp-block-paragraph\">\u201cWhat a pleasure to open the Agrifoodtech Demo Day. Researchers, innovators and entrepreneurs meet investors and policymakers. The perfect blend to build a resilient future in agriculture in a time when we need to \u00abproduce more with less\u00bb\u201d<\/p>\n<\/blockquote>\n\n\n\n<div style=\"height:30px\" aria-hidden=\"true\" class=\"wp-block-spacer\"><\/div>\n\n\n\n<h2 id=\"h-hva-blir-nytt-i-esse-2026\" class=\"wp-block-heading\">Hva blir nytt i ESSE 2026?<\/h2>\n\n\n\n<p class=\"wp-block-paragraph\">Vi forbedrer ESSE hvert \u00e5r basert p\u00e5 deltakernes tilbakemeldinger og v\u00e5re egne erfaringer. ESSE 2026 vil inneholde enda mer interaksjon mellom deltakerne og mer praktisk arbeid direkte knyttet til tematikken i eget selskap. Vi vil og legge enda mer vekt p\u00e5 muligheten for skreddersydd probleml\u00f8sning i executive workshops.<\/p>\n\n\n\n<p class=\"wp-block-paragraph\">Programmet vil ogs\u00e5 inkorporere hvordan man kan bruke AI p\u00e5 best mulig m\u00e5te innen de ulike forretningsomr\u00e5dene. Vi vil inviterer til <a href=\"https:\/\/luma.com\/ui0kaxdp\" type=\"link\" id=\"https:\/\/luma.com\/ui0kaxdp\">Claude Code kurs<\/a> med Norges fremste ekspert Simon Strumse 12. mai, og &laquo;vibecoding&raquo; \/ &laquo;agentisk AI&raquo; meetups 28.5 og 8.9.<\/p>\n\n\n\n<p class=\"wp-block-paragraph\">I 2026 sl\u00e5r vi sammen enkelte temaer fra \u00e5rets program, samtidig som vi introduserer nye masterclasser vi mener er avgj\u00f8rende for \u00e5 ta selskapet fra ambisjon til vekst. F\u00f8rste nye masterclass blir i 7. mai &laquo;<a href=\"https:\/\/luma.com\/xw8v9sll\" type=\"link\" id=\"https:\/\/luma.com\/xw8v9sll\">Hvordan utvikle et vinneteam<\/a>&raquo; i samarbeid med Bekk og Antler. F\u00f8r siste masterclass og Demo Day vil vi og trene gr\u00fcnderne p\u00e5 \u00e5 gj\u00f8re egen due diligence f\u00f8r de m\u00f8ter investoren &#8211; med den nye masterclassen &laquo;<a href=\"https:\/\/luma.com\/dsl1ttzg\" type=\"link\" id=\"https:\/\/luma.com\/dsl1ttzg\">Risikostyring for vekst<\/a>&laquo;, ledet av v\u00e5r egen <a href=\"https:\/\/aggrator.com\/en\/team\/#lars\" type=\"link\" id=\"https:\/\/aggrator.com\/team\/#lars\">Lars la Cour Poulsen<\/a>, i samarbeid med Sweco og NMBU.<\/p>\n\n\n\n<p class=\"wp-block-paragraph\"><a href=\"https:\/\/luma.com\/hnoech8g\" type=\"link\" id=\"https:\/\/luma.com\/hnoech8g\">Agrifoodtech Demo Day<\/a> 26.11 vil i \u00e5r ogs\u00e5 inkludere en egen sesjon \u00e5pen for at alle deltakere fra \u00e5rets ESSE, hvor de f\u00e5r pitche sine l\u00f8sninger til investorene.<\/p>\n\n\n\n<div style=\"height:30px\" aria-hidden=\"true\" class=\"wp-block-spacer\"><\/div>\n\n\n\n<h2 id=\"h-5-grunner-til-a-vaere-med-pa-aggrator-sitt-esse-vekstprogram\" class=\"wp-block-heading\">5 grunner til \u00e5 v\u00e6re med p\u00e5 Aggrator sitt ESSE vekstprogram<\/h2>\n\n\n\n<ul class=\"wp-block-list\">\n<li><strong>L\u00e6r fra de beste:<\/strong> Masterclassene holder et h\u00f8yt faglig niv\u00e5 og ledes av eksperter fra industri og n\u00e6ringsliv. Deltakerne f\u00e5r innsikt i metoder og strategier som brukes av selskaper som har lykkes, og mulighet til \u00e5 diskutere egne utfordringer med fagfolk p\u00e5 toppniv\u00e5.<\/li>\n\n\n\n<li><strong>Praktiske resultater:<\/strong> ESSE er handlingsorientert og gir konkrete verkt\u00f8y og metoder deltakerne kan ta direkte inn i egen virksomhet. De jobber med egne caser og f\u00e5r tilbakemeldinger som gir tydelig progresjon fra samling til samling.<\/li>\n\n\n\n<li><strong>Skreddersydd veiledning:<\/strong> Deltakerne jobber med problemstillinger fra eget selskap og f\u00e5r st\u00f8tte fra Aggrators spesialistmentorer, partnere og forretningsutviklere. Veiledningen tilpasses selskapets modenhet og m\u00e5l. <\/li>\n\n\n\n<li><strong>Faglig relevant nettverksarena:<\/strong> ESSE kobler deltakerne til et sterkt innovasjonsmilj\u00f8 p\u00e5 Campus \u00c5s \u2013 til selskaper, forskere, investorer og bransjeakt\u00f8rer innen agrifoodtech og milj\u00f8teknologi. Her skapes samarbeid, partnerskap og nye muligheter.<\/li>\n\n\n\n<li><strong>&laquo;Pay it Forward&raquo;-milj\u00f8:<\/strong> Programmet bygger p\u00e5 en samarbeidende kultur der deltakerne deler erfaringer og st\u00f8tter hverandre. Dette skaper et trygt rom for \u00e5 teste ideer, trene p\u00e5 pitching og f\u00e5 konstruktive tilbakemeldinger.<\/li>\n<\/ul>\n\n\n\n<div style=\"height:30px\" aria-hidden=\"true\" class=\"wp-block-spacer\"><\/div>\n\n\n\n<div class=\"wp-block-uagb-image aligncenter uagb-block-c1dbca85 wp-block-uagb-image--layout-default wp-block-uagb-image--effect-static wp-block-uagb-image--align-center\"><figure class=\"wp-block-uagb-image__figure\"><img loading=\"lazy\" decoding=\"async\" src=\"https:\/\/aggrator.com\/wp-content\/uploads\/2025\/12\/IMG_4302-1-1024x768.jpg\" alt=\"\" class=\"uag-image-11394\" width=\"1024\" height=\"768\" title=\"\" role=\"presentation\" \/><figcaption class=\"uagb-image-caption\">Lunsj under ESSE masterclass i Go-to-market-startegi.u003c\/emu003e<\/figcaption><\/figure><\/div>\n\n\n\n<div style=\"height:30px\" aria-hidden=\"true\" class=\"wp-block-spacer\"><\/div>\n\n\n\n<h2 id=\"h-praktisk-informasjon\" class=\"wp-block-heading\">Praktisk informasjon<\/h2>\n\n\n\n<ul class=\"wp-block-list\">\n<li>Alle samlinger er fysiske, p\u00e5 BIT Innovasjonssenter i \u00c5s, fra kl. 08:30 til 15:30<\/li>\n\n\n\n<li>I 2026 l\u00f8per programmet annenhver torsdag fra 23. april til 15. oktober, med opphold i uke 26\u201333 p\u00e5 grunn av sommerferie <\/li>\n\n\n\n<li>Agrifoodtech Demo Day vil v\u00e6re 26.11, og vil og inneholde seksjon hvor ESSE deltakere vil f\u00e5 pitche til investorer. <\/li>\n\n\n\n<li>Sp\u00f8rsm\u00e5l? Ta kontakt med prosjektleder, Vilde Wettergreen (vilde.wettergreen@aggrator.com \/ +47 974 70 891)<\/li>\n<\/ul>\n\n\n\n<div style=\"height:15px\" aria-hidden=\"true\" class=\"wp-block-spacer\"><\/div>\n\n\n\n<p class=\"wp-block-paragraph\">Oversikt og p\u00e5melding til ESSE masterclasser 2026 <a href=\"https:\/\/luma.com\/ESSE\">her<\/a>.<\/p>\n\n\n\n<div style=\"height:30px\" aria-hidden=\"true\" class=\"wp-block-spacer\"><\/div>\n\n\n\n<p class=\"wp-block-paragraph\"><em><strong>Tusen takk til fantastisk dyktige og engasjerte masterclassledere i 2025<\/strong> &#8211; ESSE hadde ikke v\u00e6rt mulig uten deres bidrag: Stian Nygaard (YARA Growth Ventures), Tone Blix\u00f8en (Aggrator), J\u00f8rgen Andr\u00e9 Nilsen (Televenture Management), Christina Westerveld Haug (Consulting West), Axel Moulin (Dehns), Haakon Thue Lie (Dehns), Jenny Arsenyuk, Christine Lundberg Larsen (Amesto Footprint), Arild Terland (NxTech), Tore Karlsen (NxTech\/Prolux), Mette Elizabeth Rud Olafsen (NxTech), Ellen Altenborg (BI), Knut H. H. Johansen (Smart Innovation Norway), David Aleksandersen (Spring Agency), Sverre Steensen (We Rock Sales), Hans Kristian Bekkevard (Marker &amp; Eidsberg Sparebank), Anders Rygh (Beyond Strategy Consulting), Bjarne Tvete (Aggrator), Lise Ovidia Bruland (EY), Herman Thevik (EY), Nichlas \u00d8degaard Gundelach (EY), Christian Sch\u00f8yen (xSeed), Mario Ek Aparicio (Ardoq)<\/em>. <em>En stor takk rettes ogs\u00e5 til Akershus Fylkeskommune, som er sponsor av ESSE vekstprogram<\/em>.<\/p>\n\n\n\n<p class=\"wp-block-paragraph\"><\/p>","protected":false},"excerpt":{"rendered":"<p>ESSE vekstprogram, med 10 masterclasser og 10 webinarer, er ferdig med sin andre gjennomgang. Deltakernes tilbakemeldinger viser tydelig at behovet for kompetanse, nettverk og et strukturert utviklingsl\u00f8p for selskaper innen agrifoodtech og milj\u00f8teknologi er stort. Vi er stolte av at vekstprogrammet allerede leverer s\u00e5 gode resultater, andre \u00e5ret etter oppstarten i 2024. I 2025 hadde [&hellip;]<\/p>\n","protected":false},"author":177941435,"featured_media":11389,"comment_status":"open","ping_status":"open","sticky":false,"template":"","format":"standard","meta":{"_eb_attr":"","_uag_custom_page_level_css":"","_thinkrank_schema_form_data":"","_thinkrank_selected_schema_type":"","_thinkrank_additional_schemas":"","_thinkrank_canonical_url":"","_thinkrank_og_title":"","_thinkrank_og_description":"","_thinkrank_og_image":"","_thinkrank_twitter_title":"","_thinkrank_twitter_description":"","_thinkrank_twitter_image":"","_thinkrank_imported_from":"yoast","_thinkrank_focus_keywords":["ESSE vekstprogram","Aggrator ESSE"],"_thinkrank_focus_keyword":"ESSE vekstprogram","_thinkrank_robots_meta_enabled":0,"_thinkrank_robots_meta":"","_thinkrank_advanced_robots_meta":"","_thinkrank_primary_category":1466,"_jetpack_newsletter_access":"","_jetpack_dont_email_post_to_subs":false,"_jetpack_newsletter_tier_id":0,"_jetpack_memberships_contains_paywalled_content":false,"_wpcom_ai_launchpad_first_post":false,"_jetpack_feature_clip_id":0,"_jetpack_memberships_contains_paid_content":false,"footnotes":"","jetpack_publicize_message":"{title}\n\n{excerpt}\n\n{url}","jetpack_publicize_feature_enabled":true,"jetpack_social_post_already_shared":true,"jetpack_social_options":{"image_generator_settings":{"template":"highway","default_image_id":0,"font":"","enabled":false},"version":2},"_wpas_customize_per_network":false,"jetpack_post_was_ever_published":false},"categories":[1,1466],"tags":[],"class_list":["post-11342","post","type-post","status-publish","format-standard","has-post-thumbnail","hentry","category-uncategorized","category-esse"],"yoast_head":"<!-- This site is optimized with the Yoast SEO Premium plugin v28.3 (Yoast SEO v28.4) - https:\/\/yoast.com\/product\/yoast-seo-premium-wordpress\/ -->\n<title>ESSE vekstprogram: deltakervekst og sterke tilbakemeldinger<\/title>\n<meta name=\"description\" content=\"ESSE med 70% deltakervekst i \u00e5r 2 etablerer seg som go-to vekstprogram for selskaper innen agrifoodtech og milj\u00f8teknologi.\" \/>\n<meta name=\"robots\" content=\"index, follow, max-snippet:-1, max-image-preview:large, max-video-preview:-1\" \/>\n<link rel=\"canonical\" href=\"https:\/\/aggrator.com\/en\/rekordar-for-esse-vekstprogrammet-til-aggrator-med-stor-deltakervekst-og-enda-storre-ambisjoner-for-2026\/\" \/>\n<meta property=\"og:locale\" content=\"en_US\" \/>\n<meta property=\"og:type\" content=\"article\" \/>\n<meta property=\"og:title\" content=\"Rekord\u00e5r for ESSE: Vekstprogrammet til Aggrator med stor deltakervekst og enda st\u00f8rre ambisjoner for 2026\" \/>\n<meta property=\"og:description\" content=\"ESSE med 70% deltakervekst i \u00e5r 2 etablerer seg som go-to vekstprogram for selskaper innen agrifoodtech og milj\u00f8teknologi.\" \/>\n<meta property=\"og:url\" content=\"https:\/\/aggrator.com\/en\/rekordar-for-esse-vekstprogrammet-til-aggrator-med-stor-deltakervekst-og-enda-storre-ambisjoner-for-2026\/\" \/>\n<meta property=\"og:site_name\" content=\"Aggrator\" \/>\n<meta property=\"article:published_time\" content=\"2025-12-09T13:25:06+00:00\" \/>\n<meta property=\"article:modified_time\" content=\"2026-03-23T11:29:02+00:00\" \/>\n<meta property=\"og:image\" content=\"https:\/\/aggrator.com\/wp-content\/uploads\/2025\/12\/Skjermbilde-2025-12-09-kl.-14.24.00-e1765286692223.webp\" \/>\n\t<meta property=\"og:image:width\" content=\"1168\" \/>\n\t<meta property=\"og:image:height\" content=\"742\" \/>\n\t<meta property=\"og:image:type\" content=\"image\/webp\" \/>\n<meta name=\"author\" content=\"Vilde Wettergreen\" \/>\n<meta name=\"twitter:card\" content=\"summary_large_image\" \/>\n<meta name=\"twitter:label1\" content=\"Written by\" \/>\n\t<meta name=\"twitter:data1\" content=\"Vilde Wettergreen\" \/>\n\t<meta name=\"twitter:label2\" content=\"Est. reading time\" \/>\n\t<meta name=\"twitter:data2\" content=\"8 minutes\" \/>\n<script type=\"application\/ld+json\" class=\"yoast-schema-graph\">{\"@context\":\"https:\\\/\\\/schema.org\",\"@graph\":[{\"@type\":\"Article\",\"@id\":\"https:\\\/\\\/aggrator.com\\\/rekordar-for-esse-vekstprogrammet-til-aggrator-med-stor-deltakervekst-og-enda-storre-ambisjoner-for-2026\\\/#article\",\"isPartOf\":{\"@id\":\"https:\\\/\\\/aggrator.com\\\/rekordar-for-esse-vekstprogrammet-til-aggrator-med-stor-deltakervekst-og-enda-storre-ambisjoner-for-2026\\\/\"},\"author\":{\"name\":\"Vilde Wettergreen\",\"@id\":\"https:\\\/\\\/aggrator.com\\\/#\\\/schema\\\/person\\\/0a6a2543d37766c36c1b9707381761a7\"},\"headline\":\"Rekord\u00e5r for ESSE: Vekstprogrammet til Aggrator med stor deltakervekst og enda st\u00f8rre ambisjoner for 2026\",\"datePublished\":\"2025-12-09T13:25:06+00:00\",\"dateModified\":\"2026-03-23T11:29:02+00:00\",\"mainEntityOfPage\":{\"@id\":\"https:\\\/\\\/aggrator.com\\\/rekordar-for-esse-vekstprogrammet-til-aggrator-med-stor-deltakervekst-og-enda-storre-ambisjoner-for-2026\\\/\"},\"wordCount\":1408,\"commentCount\":0,\"publisher\":{\"@id\":\"https:\\\/\\\/aggrator.com\\\/#organization\"},\"image\":{\"@id\":\"https:\\\/\\\/aggrator.com\\\/rekordar-for-esse-vekstprogrammet-til-aggrator-med-stor-deltakervekst-og-enda-storre-ambisjoner-for-2026\\\/#primaryimage\"},\"thumbnailUrl\":\"https:\\\/\\\/aggrator.com\\\/wp-content\\\/uploads\\\/2025\\\/12\\\/Skjermbilde-2025-12-09-kl.-14.24.00-e1765286692223.webp\",\"articleSection\":[\"Aggrator\",\"ESSE\"],\"inLanguage\":\"en-US\",\"potentialAction\":[{\"@type\":\"CommentAction\",\"name\":\"Comment\",\"target\":[\"https:\\\/\\\/aggrator.com\\\/rekordar-for-esse-vekstprogrammet-til-aggrator-med-stor-deltakervekst-og-enda-storre-ambisjoner-for-2026\\\/#respond\"]}]},{\"@type\":\"WebPage\",\"@id\":\"https:\\\/\\\/aggrator.com\\\/rekordar-for-esse-vekstprogrammet-til-aggrator-med-stor-deltakervekst-og-enda-storre-ambisjoner-for-2026\\\/\",\"url\":\"https:\\\/\\\/aggrator.com\\\/rekordar-for-esse-vekstprogrammet-til-aggrator-med-stor-deltakervekst-og-enda-storre-ambisjoner-for-2026\\\/\",\"name\":\"ESSE vekstprogram: deltakervekst og sterke tilbakemeldinger\",\"isPartOf\":{\"@id\":\"https:\\\/\\\/aggrator.com\\\/#website\"},\"primaryImageOfPage\":{\"@id\":\"https:\\\/\\\/aggrator.com\\\/rekordar-for-esse-vekstprogrammet-til-aggrator-med-stor-deltakervekst-og-enda-storre-ambisjoner-for-2026\\\/#primaryimage\"},\"image\":{\"@id\":\"https:\\\/\\\/aggrator.com\\\/rekordar-for-esse-vekstprogrammet-til-aggrator-med-stor-deltakervekst-og-enda-storre-ambisjoner-for-2026\\\/#primaryimage\"},\"thumbnailUrl\":\"https:\\\/\\\/aggrator.com\\\/wp-content\\\/uploads\\\/2025\\\/12\\\/Skjermbilde-2025-12-09-kl.-14.24.00-e1765286692223.webp\",\"datePublished\":\"2025-12-09T13:25:06+00:00\",\"dateModified\":\"2026-03-23T11:29:02+00:00\",\"description\":\"ESSE med 70% deltakervekst i \u00e5r 2 etablerer seg som go-to vekstprogram for selskaper innen agrifoodtech og milj\u00f8teknologi.\",\"breadcrumb\":{\"@id\":\"https:\\\/\\\/aggrator.com\\\/rekordar-for-esse-vekstprogrammet-til-aggrator-med-stor-deltakervekst-og-enda-storre-ambisjoner-for-2026\\\/#breadcrumb\"},\"inLanguage\":\"en-US\",\"potentialAction\":[{\"@type\":\"ReadAction\",\"target\":[\"https:\\\/\\\/aggrator.com\\\/rekordar-for-esse-vekstprogrammet-til-aggrator-med-stor-deltakervekst-og-enda-storre-ambisjoner-for-2026\\\/\"]}]},{\"@type\":\"ImageObject\",\"inLanguage\":\"en-US\",\"@id\":\"https:\\\/\\\/aggrator.com\\\/rekordar-for-esse-vekstprogrammet-til-aggrator-med-stor-deltakervekst-og-enda-storre-ambisjoner-for-2026\\\/#primaryimage\",\"url\":\"https:\\\/\\\/aggrator.com\\\/wp-content\\\/uploads\\\/2025\\\/12\\\/Skjermbilde-2025-12-09-kl.-14.24.00-e1765286692223.webp\",\"contentUrl\":\"https:\\\/\\\/aggrator.com\\\/wp-content\\\/uploads\\\/2025\\\/12\\\/Skjermbilde-2025-12-09-kl.-14.24.00-e1765286692223.webp\",\"width\":1168,\"height\":742,\"caption\":\"ESSE sal\"},{\"@type\":\"BreadcrumbList\",\"@id\":\"https:\\\/\\\/aggrator.com\\\/rekordar-for-esse-vekstprogrammet-til-aggrator-med-stor-deltakervekst-og-enda-storre-ambisjoner-for-2026\\\/#breadcrumb\",\"itemListElement\":[{\"@type\":\"ListItem\",\"position\":1,\"name\":\"Hjem\",\"item\":\"https:\\\/\\\/aggrator.com\\\/\"},{\"@type\":\"ListItem\",\"position\":2,\"name\":\"Rekord\u00e5r for ESSE: Vekstprogrammet til Aggrator med stor deltakervekst og enda st\u00f8rre ambisjoner for 2026\"}]},{\"@type\":\"WebSite\",\"@id\":\"https:\\\/\\\/aggrator.com\\\/#website\",\"url\":\"https:\\\/\\\/aggrator.com\\\/\",\"name\":\"Aggrator\",\"description\":\"For a cleaner, better world\",\"publisher\":{\"@id\":\"https:\\\/\\\/aggrator.com\\\/#organization\"},\"potentialAction\":[{\"@type\":\"SearchAction\",\"target\":{\"@type\":\"EntryPoint\",\"urlTemplate\":\"https:\\\/\\\/aggrator.com\\\/?s={search_term_string}\"},\"query-input\":{\"@type\":\"PropertyValueSpecification\",\"valueRequired\":true,\"valueName\":\"search_term_string\"}}],\"inLanguage\":\"en-US\"},{\"@type\":\"Organization\",\"@id\":\"https:\\\/\\\/aggrator.com\\\/#organization\",\"name\":\"Aggrator\",\"url\":\"https:\\\/\\\/aggrator.com\\\/\",\"logo\":{\"@type\":\"ImageObject\",\"inLanguage\":\"en-US\",\"@id\":\"https:\\\/\\\/aggrator.com\\\/#\\\/schema\\\/logo\\\/image\\\/\",\"url\":\"https:\\\/\\\/aggrator.com\\\/wp-content\\\/uploads\\\/2024\\\/06\\\/images.png\",\"contentUrl\":\"https:\\\/\\\/aggrator.com\\\/wp-content\\\/uploads\\\/2024\\\/06\\\/images.png\",\"width\":225,\"height\":225,\"caption\":\"Aggrator\"},\"image\":{\"@id\":\"https:\\\/\\\/aggrator.com\\\/#\\\/schema\\\/logo\\\/image\\\/\"},\"sameAs\":[\"https:\\\/\\\/www.linkedin.com\\\/company\\\/aggrator\\\/\"]},{\"@type\":\"Person\",\"@id\":\"https:\\\/\\\/aggrator.com\\\/#\\\/schema\\\/person\\\/0a6a2543d37766c36c1b9707381761a7\",\"name\":\"Vilde Wettergreen\",\"image\":{\"@type\":\"ImageObject\",\"inLanguage\":\"en-US\",\"@id\":\"https:\\\/\\\/secure.gravatar.com\\\/avatar\\\/9d5ca1260c2d847dcdec73dd6bd045237d94b32e43247ce46df9ee8cfec4bfbc?s=96&d=identicon&r=g\",\"url\":\"https:\\\/\\\/secure.gravatar.com\\\/avatar\\\/9d5ca1260c2d847dcdec73dd6bd045237d94b32e43247ce46df9ee8cfec4bfbc?s=96&d=identicon&r=g\",\"contentUrl\":\"https:\\\/\\\/secure.gravatar.com\\\/avatar\\\/9d5ca1260c2d847dcdec73dd6bd045237d94b32e43247ce46df9ee8cfec4bfbc?s=96&d=identicon&r=g\",\"caption\":\"Vilde Wettergreen\"},\"sameAs\":[\"https:\\\/\\\/www.linkedin.com\\\/in\\\/vilde-wettergreen\\\/\"]}]}<\/script>\n<!-- \/ Yoast SEO Premium plugin. -->","yoast_head_json":{"title":"ESSE vekstprogram: deltakervekst og sterke tilbakemeldinger","description":"ESSE med 70% deltakervekst i \u00e5r 2 etablerer seg som go-to vekstprogram for selskaper innen agrifoodtech og milj\u00f8teknologi.","robots":{"index":"index","follow":"follow","max-snippet":"max-snippet:-1","max-image-preview":"max-image-preview:large","max-video-preview":"max-video-preview:-1"},"canonical":"https:\/\/aggrator.com\/en\/rekordar-for-esse-vekstprogrammet-til-aggrator-med-stor-deltakervekst-og-enda-storre-ambisjoner-for-2026\/","og_locale":"en_US","og_type":"article","og_title":"Rekord\u00e5r for ESSE: Vekstprogrammet til Aggrator med stor deltakervekst og enda st\u00f8rre ambisjoner for 2026","og_description":"ESSE med 70% deltakervekst i \u00e5r 2 etablerer seg som go-to vekstprogram for selskaper innen agrifoodtech og milj\u00f8teknologi.","og_url":"https:\/\/aggrator.com\/en\/rekordar-for-esse-vekstprogrammet-til-aggrator-med-stor-deltakervekst-og-enda-storre-ambisjoner-for-2026\/","og_site_name":"Aggrator","article_published_time":"2025-12-09T13:25:06+00:00","article_modified_time":"2026-03-23T11:29:02+00:00","og_image":[{"width":1168,"height":742,"url":"https:\/\/aggrator.com\/wp-content\/uploads\/2025\/12\/Skjermbilde-2025-12-09-kl.-14.24.00-e1765286692223.webp","type":"image\/webp"}],"author":"Vilde Wettergreen","twitter_card":"summary_large_image","twitter_misc":{"Written by":"Vilde Wettergreen","Est. reading time":"8 minutes"},"schema":{"@context":"https:\/\/schema.org","@graph":[{"@type":"Article","@id":"https:\/\/aggrator.com\/rekordar-for-esse-vekstprogrammet-til-aggrator-med-stor-deltakervekst-og-enda-storre-ambisjoner-for-2026\/#article","isPartOf":{"@id":"https:\/\/aggrator.com\/rekordar-for-esse-vekstprogrammet-til-aggrator-med-stor-deltakervekst-og-enda-storre-ambisjoner-for-2026\/"},"author":{"name":"Vilde Wettergreen","@id":"https:\/\/aggrator.com\/#\/schema\/person\/0a6a2543d37766c36c1b9707381761a7"},"headline":"Rekord\u00e5r for ESSE: Vekstprogrammet til Aggrator med stor deltakervekst og enda st\u00f8rre ambisjoner for 2026","datePublished":"2025-12-09T13:25:06+00:00","dateModified":"2026-03-23T11:29:02+00:00","mainEntityOfPage":{"@id":"https:\/\/aggrator.com\/rekordar-for-esse-vekstprogrammet-til-aggrator-med-stor-deltakervekst-og-enda-storre-ambisjoner-for-2026\/"},"wordCount":1408,"commentCount":0,"publisher":{"@id":"https:\/\/aggrator.com\/#organization"},"image":{"@id":"https:\/\/aggrator.com\/rekordar-for-esse-vekstprogrammet-til-aggrator-med-stor-deltakervekst-og-enda-storre-ambisjoner-for-2026\/#primaryimage"},"thumbnailUrl":"https:\/\/aggrator.com\/wp-content\/uploads\/2025\/12\/Skjermbilde-2025-12-09-kl.-14.24.00-e1765286692223.webp","articleSection":["Aggrator","ESSE"],"inLanguage":"en-US","potentialAction":[{"@type":"CommentAction","name":"Comment","target":["https:\/\/aggrator.com\/rekordar-for-esse-vekstprogrammet-til-aggrator-med-stor-deltakervekst-og-enda-storre-ambisjoner-for-2026\/#respond"]}]},{"@type":"WebPage","@id":"https:\/\/aggrator.com\/rekordar-for-esse-vekstprogrammet-til-aggrator-med-stor-deltakervekst-og-enda-storre-ambisjoner-for-2026\/","url":"https:\/\/aggrator.com\/rekordar-for-esse-vekstprogrammet-til-aggrator-med-stor-deltakervekst-og-enda-storre-ambisjoner-for-2026\/","name":"ESSE vekstprogram: deltakervekst og sterke tilbakemeldinger","isPartOf":{"@id":"https:\/\/aggrator.com\/#website"},"primaryImageOfPage":{"@id":"https:\/\/aggrator.com\/rekordar-for-esse-vekstprogrammet-til-aggrator-med-stor-deltakervekst-og-enda-storre-ambisjoner-for-2026\/#primaryimage"},"image":{"@id":"https:\/\/aggrator.com\/rekordar-for-esse-vekstprogrammet-til-aggrator-med-stor-deltakervekst-og-enda-storre-ambisjoner-for-2026\/#primaryimage"},"thumbnailUrl":"https:\/\/aggrator.com\/wp-content\/uploads\/2025\/12\/Skjermbilde-2025-12-09-kl.-14.24.00-e1765286692223.webp","datePublished":"2025-12-09T13:25:06+00:00","dateModified":"2026-03-23T11:29:02+00:00","description":"ESSE med 70% deltakervekst i \u00e5r 2 etablerer seg som go-to vekstprogram for selskaper innen agrifoodtech og milj\u00f8teknologi.","breadcrumb":{"@id":"https:\/\/aggrator.com\/rekordar-for-esse-vekstprogrammet-til-aggrator-med-stor-deltakervekst-og-enda-storre-ambisjoner-for-2026\/#breadcrumb"},"inLanguage":"en-US","potentialAction":[{"@type":"ReadAction","target":["https:\/\/aggrator.com\/rekordar-for-esse-vekstprogrammet-til-aggrator-med-stor-deltakervekst-og-enda-storre-ambisjoner-for-2026\/"]}]},{"@type":"ImageObject","inLanguage":"en-US","@id":"https:\/\/aggrator.com\/rekordar-for-esse-vekstprogrammet-til-aggrator-med-stor-deltakervekst-og-enda-storre-ambisjoner-for-2026\/#primaryimage","url":"https:\/\/aggrator.com\/wp-content\/uploads\/2025\/12\/Skjermbilde-2025-12-09-kl.-14.24.00-e1765286692223.webp","contentUrl":"https:\/\/aggrator.com\/wp-content\/uploads\/2025\/12\/Skjermbilde-2025-12-09-kl.-14.24.00-e1765286692223.webp","width":1168,"height":742,"caption":"ESSE sal"},{"@type":"BreadcrumbList","@id":"https:\/\/aggrator.com\/rekordar-for-esse-vekstprogrammet-til-aggrator-med-stor-deltakervekst-og-enda-storre-ambisjoner-for-2026\/#breadcrumb","itemListElement":[{"@type":"ListItem","position":1,"name":"Hjem","item":"https:\/\/aggrator.com\/"},{"@type":"ListItem","position":2,"name":"Rekord\u00e5r for ESSE: Vekstprogrammet til Aggrator med stor deltakervekst og enda st\u00f8rre ambisjoner for 2026"}]},{"@type":"WebSite","@id":"https:\/\/aggrator.com\/#website","url":"https:\/\/aggrator.com\/","name":"Aggrator","description":"For a cleaner, better world","publisher":{"@id":"https:\/\/aggrator.com\/#organization"},"potentialAction":[{"@type":"SearchAction","target":{"@type":"EntryPoint","urlTemplate":"https:\/\/aggrator.com\/?s={search_term_string}"},"query-input":{"@type":"PropertyValueSpecification","valueRequired":true,"valueName":"search_term_string"}}],"inLanguage":"en-US"},{"@type":"Organization","@id":"https:\/\/aggrator.com\/#organization","name":"Aggrator","url":"https:\/\/aggrator.com\/","logo":{"@type":"ImageObject","inLanguage":"en-US","@id":"https:\/\/aggrator.com\/#\/schema\/logo\/image\/","url":"https:\/\/aggrator.com\/wp-content\/uploads\/2024\/06\/images.png","contentUrl":"https:\/\/aggrator.com\/wp-content\/uploads\/2024\/06\/images.png","width":225,"height":225,"caption":"Aggrator"},"image":{"@id":"https:\/\/aggrator.com\/#\/schema\/logo\/image\/"},"sameAs":["https:\/\/www.linkedin.com\/company\/aggrator\/"]},{"@type":"Person","@id":"https:\/\/aggrator.com\/#\/schema\/person\/0a6a2543d37766c36c1b9707381761a7","name":"Vilde Wettergreen","image":{"@type":"ImageObject","inLanguage":"en-US","@id":"https:\/\/secure.gravatar.com\/avatar\/9d5ca1260c2d847dcdec73dd6bd045237d94b32e43247ce46df9ee8cfec4bfbc?s=96&d=identicon&r=g","url":"https:\/\/secure.gravatar.com\/avatar\/9d5ca1260c2d847dcdec73dd6bd045237d94b32e43247ce46df9ee8cfec4bfbc?s=96&d=identicon&r=g","contentUrl":"https:\/\/secure.gravatar.com\/avatar\/9d5ca1260c2d847dcdec73dd6bd045237d94b32e43247ce46df9ee8cfec4bfbc?s=96&d=identicon&r=g","caption":"Vilde Wettergreen"},"sameAs":["https:\/\/www.linkedin.com\/in\/vilde-wettergreen\/"]}]}},"jetpack_publicize_connections":[],"uagb_featured_image_src":{"full":["https:\/\/aggrator.com\/wp-content\/uploads\/2025\/12\/Skjermbilde-2025-12-09-kl.-14.24.00-e1765286692223.webp",1168,742,false],"thumbnail":["https:\/\/aggrator.com\/wp-content\/uploads\/2025\/12\/Skjermbilde-2025-12-09-kl.-14.24.00-e1765286692223-150x150.png?crop=1",150,150,true],"medium":["https:\/\/aggrator.com\/wp-content\/uploads\/2025\/12\/Skjermbilde-2025-12-09-kl.-14.24.00-e1765286692223-300x191.png",300,191,true],"medium_large":["https:\/\/aggrator.com\/wp-content\/uploads\/2025\/12\/Skjermbilde-2025-12-09-kl.-14.24.00-e1765286692223-768x488.png",768,488,true],"large":["https:\/\/aggrator.com\/wp-content\/uploads\/2025\/12\/Skjermbilde-2025-12-09-kl.-14.24.00-e1765286692223-1024x651.png",800,509,true],"1536x1536":["https:\/\/aggrator.com\/wp-content\/uploads\/2025\/12\/Skjermbilde-2025-12-09-kl.-14.24.00-e1765286692223.webp",1168,742,false],"2048x2048":["https:\/\/aggrator.com\/wp-content\/uploads\/2025\/12\/Skjermbilde-2025-12-09-kl.-14.24.00-e1765286692223.webp",1168,742,false],"trp-custom-language-flag":["https:\/\/aggrator.com\/wp-content\/uploads\/2025\/12\/Skjermbilde-2025-12-09-kl.-14.24.00-e1765286692223.webp",18,12,false],"newspack-article-block-landscape-large":["https:\/\/aggrator.com\/wp-content\/uploads\/2025\/12\/Skjermbilde-2025-12-09-kl.-14.24.00-e1765286692223.webp",1168,742,false],"newspack-article-block-portrait-large":["https:\/\/aggrator.com\/wp-content\/uploads\/2025\/12\/Skjermbilde-2025-12-09-kl.-14.24.00-e1765286692223.webp",900,572,false],"newspack-article-block-square-large":["https:\/\/aggrator.com\/wp-content\/uploads\/2025\/12\/Skjermbilde-2025-12-09-kl.-14.24.00-e1765286692223.webp",1168,742,false],"newspack-article-block-landscape-medium":["https:\/\/aggrator.com\/wp-content\/uploads\/2025\/12\/Skjermbilde-2025-12-09-kl.-14.24.00-e1765286692223.webp",800,508,false],"newspack-article-block-portrait-medium":["https:\/\/aggrator.com\/wp-content\/uploads\/2025\/12\/Skjermbilde-2025-12-09-kl.-14.24.00-e1765286692223.webp",600,381,false],"newspack-article-block-square-medium":["https:\/\/aggrator.com\/wp-content\/uploads\/2025\/12\/Skjermbilde-2025-12-09-kl.-14.24.00-e1765286692223.webp",800,508,false],"newspack-article-block-landscape-intermediate":["https:\/\/aggrator.com\/wp-content\/uploads\/2025\/12\/Skjermbilde-2025-12-09-kl.-14.24.00-e1765286692223.webp",600,381,false],"newspack-article-block-portrait-intermediate":["https:\/\/aggrator.com\/wp-content\/uploads\/2025\/12\/Skjermbilde-2025-12-09-kl.-14.24.00-e1765286692223.webp",450,286,false],"newspack-article-block-square-intermediate":["https:\/\/aggrator.com\/wp-content\/uploads\/2025\/12\/Skjermbilde-2025-12-09-kl.-14.24.00-e1765286692223.webp",600,381,false],"newspack-article-block-landscape-small":["https:\/\/aggrator.com\/wp-content\/uploads\/2025\/12\/Skjermbilde-2025-12-09-kl.-14.24.00-e1765286692223.webp",400,254,false],"newspack-article-block-portrait-small":["https:\/\/aggrator.com\/wp-content\/uploads\/2025\/12\/Skjermbilde-2025-12-09-kl.-14.24.00-e1765286692223.webp",300,191,false],"newspack-article-block-square-small":["https:\/\/aggrator.com\/wp-content\/uploads\/2025\/12\/Skjermbilde-2025-12-09-kl.-14.24.00-e1765286692223.webp",400,254,false],"newspack-article-block-landscape-tiny":["https:\/\/aggrator.com\/wp-content\/uploads\/2025\/12\/Skjermbilde-2025-12-09-kl.-14.24.00-e1765286692223.webp",200,127,false],"newspack-article-block-portrait-tiny":["https:\/\/aggrator.com\/wp-content\/uploads\/2025\/12\/Skjermbilde-2025-12-09-kl.-14.24.00-e1765286692223.webp",150,95,false],"newspack-article-block-square-tiny":["https:\/\/aggrator.com\/wp-content\/uploads\/2025\/12\/Skjermbilde-2025-12-09-kl.-14.24.00-e1765286692223.webp",200,127,false],"newspack-article-block-uncropped":["https:\/\/aggrator.com\/wp-content\/uploads\/2025\/12\/Skjermbilde-2025-12-09-kl.-14.24.00-e1765286692223.webp",1168,742,false]},"uagb_author_info":{"display_name":"Vilde Wettergreen","author_link":"https:\/\/aggrator.com\/en\/author\/vildewettergreen\/"},"uagb_comment_info":0,"uagb_excerpt":"ESSE vekstprogram, med 10 masterclasser og 10 webinarer, er ferdig med sin andre gjennomgang. Deltakernes tilbakemeldinger viser tydelig at behovet for kompetanse, nettverk og et strukturert utviklingsl\u00f8p for selskaper innen agrifoodtech og milj\u00f8teknologi er stort. Vi er stolte av at vekstprogrammet allerede leverer s\u00e5 gode resultater, andre \u00e5ret etter oppstarten i 2024. I 2025 hadde&hellip;","jetpack_likes_enabled":false,"jetpack_sharing_enabled":true,"jetpack_shortlink":"https:\/\/wp.me\/pdMtV6-2WW","jetpack_featured_media_url":"https:\/\/aggrator.com\/wp-content\/uploads\/2025\/12\/Skjermbilde-2025-12-09-kl.-14.24.00-e1765286692223.webp","_links":{"self":[{"href":"https:\/\/aggrator.com\/en\/wp-json\/wp\/v2\/posts\/11342","targetHints":{"allow":["GET"]}}],"collection":[{"href":"https:\/\/aggrator.com\/en\/wp-json\/wp\/v2\/posts"}],"about":[{"href":"https:\/\/aggrator.com\/en\/wp-json\/wp\/v2\/types\/post"}],"author":[{"embeddable":true,"href":"https:\/\/aggrator.com\/en\/wp-json\/wp\/v2\/users\/177941435"}],"replies":[{"embeddable":true,"href":"https:\/\/aggrator.com\/en\/wp-json\/wp\/v2\/comments?post=11342"}],"version-history":[{"count":59,"href":"https:\/\/aggrator.com\/en\/wp-json\/wp\/v2\/posts\/11342\/revisions"}],"predecessor-version":[{"id":12420,"href":"https:\/\/aggrator.com\/en\/wp-json\/wp\/v2\/posts\/11342\/revisions\/12420"}],"wp:featuredmedia":[{"embeddable":true,"href":"https:\/\/aggrator.com\/en\/wp-json\/wp\/v2\/media\/11389"}],"wp:attachment":[{"href":"https:\/\/aggrator.com\/en\/wp-json\/wp\/v2\/media?parent=11342"}],"wp:term":[{"taxonomy":"category","embeddable":true,"href":"https:\/\/aggrator.com\/en\/wp-json\/wp\/v2\/categories?post=11342"},{"taxonomy":"post_tag","embeddable":true,"href":"https:\/\/aggrator.com\/en\/wp-json\/wp\/v2\/tags?post=11342"}],"curies":[{"name":"wp","href":"https:\/\/api.w.org\/{rel}","templated":true}]}}